{"id":994,"date":"2021-08-27T05:47:48","date_gmt":"2021-08-27T05:47:48","guid":{"rendered":"https:\/\/www.grupoasame.com\/?p=994"},"modified":"2022-03-04T08:23:33","modified_gmt":"2022-03-04T08:23:33","slug":"la-muntanyeta-centro-paralisis-cerebral","status":"publish","type":"post","link":"https:\/\/www.grupoasame.com\/index.php\/concurso\/la-muntanyeta-centro-paralisis-cerebral\/","title":{"rendered":"La Muntanyeta, Centro Par\u00e1lisis Cerebral"},"content":{"rendered":"\t\t<div data-elementor-type=\"wp-post\" data-elementor-id=\"994\" class=\"elementor elementor-994\" data-elementor-post-type=\"post\">\n\t\t\t\t\t\t<section class=\"elementor-section elementor-top-section elementor-element elementor-element-64f74b8 elementor-section-full_width elementor-section-height-default elementor-section-height-default\" data-id=\"64f74b8\" data-element_type=\"section\">\n\t\t\t\t\t\t<div class=\"elementor-container elementor-column-gap-wide\">\n\t\t\t\t\t<div class=\"elementor-column elementor-col-50 elementor-top-column elementor-element elementor-element-ba290ff\" data-id=\"ba290ff\" data-element_type=\"column\">\n\t\t\t<div class=\"elementor-widget-wrap elementor-element-populated\">\n\t\t\t\t\t\t<div class=\"elementor-element elementor-element-cd6d0ca elementor-widget elementor-widget-gallery\" data-id=\"cd6d0ca\" data-element_type=\"widget\" data-settings=\"{&quot;gallery_layout&quot;:&quot;masonry&quot;,&quot;columns&quot;:1,&quot;columns_tablet&quot;:1,&quot;lazyload&quot;:&quot;yes&quot;,&quot;columns_mobile&quot;:1,&quot;gap&quot;:{&quot;unit&quot;:&quot;px&quot;,&quot;size&quot;:10,&quot;sizes&quot;:[]},&quot;gap_tablet&quot;:{&quot;unit&quot;:&quot;px&quot;,&quot;size&quot;:10,&quot;sizes&quot;:[]},&quot;gap_mobile&quot;:{&quot;unit&quot;:&quot;px&quot;,&quot;size&quot;:10,&quot;sizes&quot;:[]},&quot;link_to&quot;:&quot;file&quot;,&quot;overlay_background&quot;:&quot;yes&quot;,&quot;content_hover_animation&quot;:&quot;fade-in&quot;}\" data-widget_type=\"gallery.default\">\n\t\t\t\t<div class=\"elementor-widget-container\">\n\t\t\t\t\t\t\t<div class=\"elementor-gallery__container\">\n\t\t\t\t\t\t\t<a class=\"e-gallery-item elementor-gallery-item elementor-animated-content\" href=\"https:\/\/www.grupoasame.com\/wp-content\/uploads\/2021\/08\/Fachada-2-scaled.jpg\" data-elementor-open-lightbox=\"yes\" data-elementor-lightbox-slideshow=\"cd6d0ca\" data-elementor-lightbox-title=\"Fachada\" data-e-action-hash=\"#elementor-action%3Aaction%3Dlightbox%26settings%3DeyJpZCI6MTAxNSwidXJsIjoiaHR0cHM6XC9cL3d3dy5ncnVwb2FzYW1lLmNvbVwvd3AtY29udGVudFwvdXBsb2Fkc1wvMjAyMVwvMDhcL0ZhY2hhZGEtMi1zY2FsZWQuanBnIiwic2xpZGVzaG93IjoiY2Q2ZDBjYSJ9\">\n\t\t\t\t\t<div class=\"e-gallery-image elementor-gallery-item__image\" data-thumbnail=\"https:\/\/www.grupoasame.com\/wp-content\/uploads\/2021\/08\/Fachada-2-scaled.jpg\" data-width=\"2560\" data-height=\"1545\" aria-label=\"\" role=\"img\" ><\/div>\n\t\t\t\t\t\t\t\t\t\t\t<div class=\"elementor-gallery-item__overlay\"><\/div>\n\t\t\t\t\t\t\t\t\t\t\t\t\t\t<\/a>\n\t\t\t\t\t\t\t<a class=\"e-gallery-item elementor-gallery-item elementor-animated-content\" href=\"https:\/\/www.grupoasame.com\/wp-content\/uploads\/2021\/08\/Axonometria-1-scaled.jpg\" data-elementor-open-lightbox=\"yes\" data-elementor-lightbox-slideshow=\"cd6d0ca\" data-elementor-lightbox-title=\"Axonometria\" data-e-action-hash=\"#elementor-action%3Aaction%3Dlightbox%26settings%3DeyJpZCI6MTAwMSwidXJsIjoiaHR0cHM6XC9cL3d3dy5ncnVwb2FzYW1lLmNvbVwvd3AtY29udGVudFwvdXBsb2Fkc1wvMjAyMVwvMDhcL0F4b25vbWV0cmlhLTEtc2NhbGVkLmpwZyIsInNsaWRlc2hvdyI6ImNkNmQwY2EifQ%3D%3D\">\n\t\t\t\t\t<div class=\"e-gallery-image elementor-gallery-item__image\" data-thumbnail=\"https:\/\/www.grupoasame.com\/wp-content\/uploads\/2021\/08\/Axonometria-1-scaled.jpg\" data-width=\"2560\" data-height=\"2160\" aria-label=\"\" role=\"img\" ><\/div>\n\t\t\t\t\t\t\t\t\t\t\t<div class=\"elementor-gallery-item__overlay\"><\/div>\n\t\t\t\t\t\t\t\t\t\t\t\t\t\t<\/a>\n\t\t\t\t\t\t\t<a class=\"e-gallery-item elementor-gallery-item elementor-animated-content\" href=\"https:\/\/www.grupoasame.com\/wp-content\/uploads\/2021\/08\/Planta-1-scaled.jpg\" data-elementor-open-lightbox=\"yes\" data-elementor-lightbox-slideshow=\"cd6d0ca\" data-elementor-lightbox-title=\"Planta\" data-e-action-hash=\"#elementor-action%3Aaction%3Dlightbox%26settings%3DeyJpZCI6MTAxNiwidXJsIjoiaHR0cHM6XC9cL3d3dy5ncnVwb2FzYW1lLmNvbVwvd3AtY29udGVudFwvdXBsb2Fkc1wvMjAyMVwvMDhcL1BsYW50YS0xLXNjYWxlZC5qcGciLCJzbGlkZXNob3ciOiJjZDZkMGNhIn0%3D\">\n\t\t\t\t\t<div class=\"e-gallery-image elementor-gallery-item__image\" data-thumbnail=\"https:\/\/www.grupoasame.com\/wp-content\/uploads\/2021\/08\/Planta-1-scaled.jpg\" data-width=\"2560\" data-height=\"1999\" aria-label=\"\" role=\"img\" ><\/div>\n\t\t\t\t\t\t\t\t\t\t\t<div class=\"elementor-gallery-item__overlay\"><\/div>\n\t\t\t\t\t\t\t\t\t\t\t\t\t\t<\/a>\n\t\t\t\t\t\t\t<a class=\"e-gallery-item elementor-gallery-item elementor-animated-content\" href=\"https:\/\/www.grupoasame.com\/wp-content\/uploads\/2021\/08\/Render-Habitacion-scaled.jpg\" data-elementor-open-lightbox=\"yes\" data-elementor-lightbox-slideshow=\"cd6d0ca\" data-elementor-lightbox-title=\"Render Habitaci\u00f3n\" data-e-action-hash=\"#elementor-action%3Aaction%3Dlightbox%26settings%3DeyJpZCI6MTAxNywidXJsIjoiaHR0cHM6XC9cL3d3dy5ncnVwb2FzYW1lLmNvbVwvd3AtY29udGVudFwvdXBsb2Fkc1wvMjAyMVwvMDhcL1JlbmRlci1IYWJpdGFjaW9uLXNjYWxlZC5qcGciLCJzbGlkZXNob3ciOiJjZDZkMGNhIn0%3D\">\n\t\t\t\t\t<div class=\"e-gallery-image elementor-gallery-item__image\" data-thumbnail=\"https:\/\/www.grupoasame.com\/wp-content\/uploads\/2021\/08\/Render-Habitacion-scaled.jpg\" data-width=\"2560\" data-height=\"1475\" aria-label=\"\" role=\"img\" ><\/div>\n\t\t\t\t\t\t\t\t\t\t\t<div class=\"elementor-gallery-item__overlay\"><\/div>\n\t\t\t\t\t\t\t\t\t\t\t\t\t\t<\/a>\n\t\t\t\t\t\t\t<a class=\"e-gallery-item elementor-gallery-item elementor-animated-content\" href=\"https:\/\/www.grupoasame.com\/wp-content\/uploads\/2021\/08\/Axonometria-constructiva-scaled.jpg\" data-elementor-open-lightbox=\"yes\" data-elementor-lightbox-slideshow=\"cd6d0ca\" data-elementor-lightbox-title=\"Axonometria constructiva\" data-e-action-hash=\"#elementor-action%3Aaction%3Dlightbox%26settings%3DeyJpZCI6MTAwOCwidXJsIjoiaHR0cHM6XC9cL3d3dy5ncnVwb2FzYW1lLmNvbVwvd3AtY29udGVudFwvdXBsb2Fkc1wvMjAyMVwvMDhcL0F4b25vbWV0cmlhLWNvbnN0cnVjdGl2YS1zY2FsZWQuanBnIiwic2xpZGVzaG93IjoiY2Q2ZDBjYSJ9\">\n\t\t\t\t\t<div class=\"e-gallery-image elementor-gallery-item__image\" data-thumbnail=\"https:\/\/www.grupoasame.com\/wp-content\/uploads\/2021\/08\/Axonometria-constructiva-scaled.jpg\" data-width=\"2560\" data-height=\"2073\" aria-label=\"\" role=\"img\" ><\/div>\n\t\t\t\t\t\t\t\t\t\t\t<div class=\"elementor-gallery-item__overlay\"><\/div>\n\t\t\t\t\t\t\t\t\t\t\t\t\t\t<\/a>\n\t\t\t\t\t\t\t<a class=\"e-gallery-item elementor-gallery-item elementor-animated-content\" href=\"https:\/\/www.grupoasame.com\/wp-content\/uploads\/2021\/08\/Despiece-scaled.jpg\" data-elementor-open-lightbox=\"yes\" data-elementor-lightbox-slideshow=\"cd6d0ca\" data-elementor-lightbox-title=\"Despiece\" data-e-action-hash=\"#elementor-action%3Aaction%3Dlightbox%26settings%3DeyJpZCI6MTAxOSwidXJsIjoiaHR0cHM6XC9cL3d3dy5ncnVwb2FzYW1lLmNvbVwvd3AtY29udGVudFwvdXBsb2Fkc1wvMjAyMVwvMDhcL0Rlc3BpZWNlLXNjYWxlZC5qcGciLCJzbGlkZXNob3ciOiJjZDZkMGNhIn0%3D\">\n\t\t\t\t\t<div class=\"e-gallery-image elementor-gallery-item__image\" data-thumbnail=\"https:\/\/www.grupoasame.com\/wp-content\/uploads\/2021\/08\/Despiece-scaled.jpg\" data-width=\"2560\" data-height=\"2073\" aria-label=\"\" role=\"img\" ><\/div>\n\t\t\t\t\t\t\t\t\t\t\t<div class=\"elementor-gallery-item__overlay\"><\/div>\n\t\t\t\t\t\t\t\t\t\t\t\t\t\t<\/a>\n\t\t\t\t\t\t\t<a class=\"e-gallery-item elementor-gallery-item elementor-animated-content\" href=\"https:\/\/www.grupoasame.com\/wp-content\/uploads\/2021\/08\/S1-scaled.jpg\" data-elementor-open-lightbox=\"yes\" data-elementor-lightbox-slideshow=\"cd6d0ca\" data-elementor-lightbox-title=\"S1\" data-e-action-hash=\"#elementor-action%3Aaction%3Dlightbox%26settings%3DeyJpZCI6MTAxOCwidXJsIjoiaHR0cHM6XC9cL3d3dy5ncnVwb2FzYW1lLmNvbVwvd3AtY29udGVudFwvdXBsb2Fkc1wvMjAyMVwvMDhcL1MxLXNjYWxlZC5qcGciLCJzbGlkZXNob3ciOiJjZDZkMGNhIn0%3D\">\n\t\t\t\t\t<div class=\"e-gallery-image elementor-gallery-item__image\" data-thumbnail=\"https:\/\/www.grupoasame.com\/wp-content\/uploads\/2021\/08\/S1-scaled.jpg\" data-width=\"2560\" data-height=\"2073\" aria-label=\"\" role=\"img\" ><\/div>\n\t\t\t\t\t\t\t\t\t\t\t<div class=\"elementor-gallery-item__overlay\"><\/div>\n\t\t\t\t\t\t\t\t\t\t\t\t\t\t<\/a>\n\t\t\t\t\t\t\t<a class=\"e-gallery-item elementor-gallery-item elementor-animated-content\" href=\"https:\/\/www.grupoasame.com\/wp-content\/uploads\/2021\/08\/S4-scaled.jpg\" data-elementor-open-lightbox=\"yes\" data-elementor-lightbox-slideshow=\"cd6d0ca\" data-elementor-lightbox-title=\"S4\" data-e-action-hash=\"#elementor-action%3Aaction%3Dlightbox%26settings%3DeyJpZCI6MTAwNiwidXJsIjoiaHR0cHM6XC9cL3d3dy5ncnVwb2FzYW1lLmNvbVwvd3AtY29udGVudFwvdXBsb2Fkc1wvMjAyMVwvMDhcL1M0LXNjYWxlZC5qcGciLCJzbGlkZXNob3ciOiJjZDZkMGNhIn0%3D\">\n\t\t\t\t\t<div class=\"e-gallery-image elementor-gallery-item__image\" data-thumbnail=\"https:\/\/www.grupoasame.com\/wp-content\/uploads\/2021\/08\/S4-scaled.jpg\" data-width=\"2560\" data-height=\"2073\" aria-label=\"\" role=\"img\" ><\/div>\n\t\t\t\t\t\t\t\t\t\t\t<div class=\"elementor-gallery-item__overlay\"><\/div>\n\t\t\t\t\t\t\t\t\t\t\t\t\t\t<\/a>\n\t\t\t\t\t\t\t<a class=\"e-gallery-item elementor-gallery-item elementor-animated-content\" href=\"https:\/\/www.grupoasame.com\/wp-content\/uploads\/2021\/08\/S3-scaled.jpg\" data-elementor-open-lightbox=\"yes\" data-elementor-lightbox-slideshow=\"cd6d0ca\" data-elementor-lightbox-title=\"S3\" data-e-action-hash=\"#elementor-action%3Aaction%3Dlightbox%26settings%3DeyJpZCI6MTAwNSwidXJsIjoiaHR0cHM6XC9cL3d3dy5ncnVwb2FzYW1lLmNvbVwvd3AtY29udGVudFwvdXBsb2Fkc1wvMjAyMVwvMDhcL1MzLXNjYWxlZC5qcGciLCJzbGlkZXNob3ciOiJjZDZkMGNhIn0%3D\">\n\t\t\t\t\t<div class=\"e-gallery-image elementor-gallery-item__image\" data-thumbnail=\"https:\/\/www.grupoasame.com\/wp-content\/uploads\/2021\/08\/S3-scaled.jpg\" data-width=\"2560\" data-height=\"2073\" aria-label=\"\" role=\"img\" ><\/div>\n\t\t\t\t\t\t\t\t\t\t\t<div class=\"elementor-gallery-item__overlay\"><\/div>\n\t\t\t\t\t\t\t\t\t\t\t\t\t\t<\/a>\n\t\t\t\t\t\t\t<a class=\"e-gallery-item elementor-gallery-item elementor-animated-content\" href=\"https:\/\/www.grupoasame.com\/wp-content\/uploads\/2021\/08\/S2-scaled.jpg\" data-elementor-open-lightbox=\"yes\" data-elementor-lightbox-slideshow=\"cd6d0ca\" data-elementor-lightbox-title=\"S2\" data-e-action-hash=\"#elementor-action%3Aaction%3Dlightbox%26settings%3DeyJpZCI6MTAwNCwidXJsIjoiaHR0cHM6XC9cL3d3dy5ncnVwb2FzYW1lLmNvbVwvd3AtY29udGVudFwvdXBsb2Fkc1wvMjAyMVwvMDhcL1MyLXNjYWxlZC5qcGciLCJzbGlkZXNob3ciOiJjZDZkMGNhIn0%3D\">\n\t\t\t\t\t<div class=\"e-gallery-image elementor-gallery-item__image\" data-thumbnail=\"https:\/\/www.grupoasame.com\/wp-content\/uploads\/2021\/08\/S2-scaled.jpg\" data-width=\"2560\" data-height=\"2073\" aria-label=\"\" role=\"img\" ><\/div>\n\t\t\t\t\t\t\t\t\t\t\t<div class=\"elementor-gallery-item__overlay\"><\/div>\n\t\t\t\t\t\t\t\t\t\t\t\t\t\t<\/a>\n\t\t\t\t\t\t\t<a class=\"e-gallery-item elementor-gallery-item elementor-animated-content\" href=\"https:\/\/www.grupoasame.com\/wp-content\/uploads\/2021\/08\/Seccion-scaled.jpg\" data-elementor-open-lightbox=\"yes\" data-elementor-lightbox-slideshow=\"cd6d0ca\" data-elementor-lightbox-title=\"Secci\u00f3n\" data-e-action-hash=\"#elementor-action%3Aaction%3Dlightbox%26settings%3DeyJpZCI6MTAwNywidXJsIjoiaHR0cHM6XC9cL3d3dy5ncnVwb2FzYW1lLmNvbVwvd3AtY29udGVudFwvdXBsb2Fkc1wvMjAyMVwvMDhcL1NlY2Npb24tc2NhbGVkLmpwZyIsInNsaWRlc2hvdyI6ImNkNmQwY2EifQ%3D%3D\">\n\t\t\t\t\t<div class=\"e-gallery-image elementor-gallery-item__image\" data-thumbnail=\"https:\/\/www.grupoasame.com\/wp-content\/uploads\/2021\/08\/Seccion-scaled.jpg\" data-width=\"2560\" data-height=\"2113\" aria-label=\"\" role=\"img\" ><\/div>\n\t\t\t\t\t\t\t\t\t\t\t<div class=\"elementor-gallery-item__overlay\"><\/div>\n\t\t\t\t\t\t\t\t\t\t\t\t\t\t<\/a>\n\t\t\t\t\t<\/div>\n\t\t\t\t\t<\/div>\n\t\t\t\t<\/div>\n\t\t\t\t\t<\/div>\n\t\t<\/div>\n\t\t\t\t<div class=\"elementor-column elementor-col-50 elementor-top-column elementor-element elementor-element-21bcfa4\" data-id=\"21bcfa4\" data-element_type=\"column\">\n\t\t\t<div class=\"elementor-widget-wrap elementor-element-populated\">\n\t\t\t\t\t\t<div class=\"elementor-element elementor-element-ff25470 elementor-widget elementor-widget-heading\" data-id=\"ff25470\" data-element_type=\"widget\" data-widget_type=\"heading.default\">\n\t\t\t\t<div class=\"elementor-widget-container\">\n\t\t\t\t\t<h4 class=\"elementor-heading-title elementor-size-default\">La Muntanyeta<\/h4>\t\t\t\t<\/div>\n\t\t\t\t<\/div>\n\t\t\t\t<div class=\"elementor-element elementor-element-9c63121 elementor-widget elementor-widget-heading\" data-id=\"9c63121\" data-element_type=\"widget\" data-widget_type=\"heading.default\">\n\t\t\t\t<div class=\"elementor-widget-container\">\n\t\t\t\t\t<h5 class=\"elementor-heading-title elementor-size-default\">Sin l\u00edmites<\/h5>\t\t\t\t<\/div>\n\t\t\t\t<\/div>\n\t\t\t\t<div class=\"elementor-element elementor-element-021c28e elementor-widget elementor-widget-text-editor\" data-id=\"021c28e\" data-element_type=\"widget\" data-widget_type=\"text-editor.default\">\n\t\t\t\t<div class=\"elementor-widget-container\">\n\t\t\t\t\t\t\t\t\t<p>Primer Premio del concurso para el nuevo centro de par\u00e1lisis<br \/>cerebral en Tarragona, la asociaci\u00f3n requer\u00eda de un nuevo edificio para poder<br \/>desarrollar todas sus actividades y ampliar la asistencia dada anteriormente,<br \/>proyectamos un edificio sin l\u00edmites donde los tabiques fueran m\u00f3viles y los<br \/>espacios polivalentes.<\/p><p>Arquitecto: David Caballero \/ Superficie: 5.250m\u00b2 edificio + 17780m\u00b2 urbanizaci\u00f3n \/ Tipo: Concurso, Obra Nueva + Rehabilitaci\u00f3n \/ Estado: Concurso, 1r premio \/ Colaboradores: Ferran Grau, N\u00faria Salvad\u00f3, Pere Gerard Molero, nuria Casais y Eulalia Valldosera<\/p>\t\t\t\t\t\t\t\t<\/div>\n\t\t\t\t<\/div>\n\t\t\t\t\t<\/div>\n\t\t<\/div>\n\t\t\t\t\t<\/div>\n\t\t<\/section>\n\t\t\t\t<\/div>\n\t\t","protected":false},"excerpt":{"rendered":"<p>La Muntanyeta Sin l\u00edmites Primer Premio del concurso para el nuevo centro de par\u00e1lisiscerebral en Tarragona, la asociaci\u00f3n requer\u00eda de un nuevo edificio para poderdesarrollar todas sus actividades y ampliar la asistencia dada anteriormente,proyectamos un edificio sin l\u00edmites donde los tabiques fueran m\u00f3viles y losespacios polivalentes. Arquitecto: David Caballero \/ Superficie: 5.250m\u00b2 edificio + 17780m\u00b2 [&hellip;]<\/p>\n","protected":false},"author":1,"featured_media":556,"comment_status":"closed","ping_status":"open","sticky":false,"template":"","format":"standard","meta":{"footnotes":""},"categories":[1,10,7],"tags":[],"class_list":["post-994","post","type-post","status-publish","format-standard","has-post-thumbnail","hentry","category-concurso","category-equipamiento-publico","category-reahabilitacion"],"yoast_head":"<!-- This site is optimized with the Yoast SEO plugin v26.9 - https:\/\/yoast.com\/product\/yoast-seo-wordpress\/ -->\n<title>La Muntanyeta, Centro Par\u00e1lisis Cerebral - Arquitecto Reus, Tarragona y Catalunya | ASAME Arquitectura<\/title>\n<meta name=\"robots\" content=\"index, follow, max-snippet:-1, max-image-preview:large, max-video-preview:-1\" \/>\n<link rel=\"canonical\" href=\"https:\/\/www.grupoasame.com\/index.php\/concurso\/la-muntanyeta-centro-paralisis-cerebral\/\" \/>\n<meta property=\"og:locale\" content=\"es_ES\" \/>\n<meta property=\"og:type\" content=\"article\" \/>\n<meta property=\"og:title\" content=\"La Muntanyeta, Centro Par\u00e1lisis Cerebral - Arquitecto Reus, Tarragona y Catalunya | ASAME Arquitectura\" \/>\n<meta property=\"og:description\" content=\"La Muntanyeta Sin l\u00edmites Primer Premio del concurso para el nuevo centro de par\u00e1lisiscerebral en Tarragona, la asociaci\u00f3n requer\u00eda de un nuevo edificio para poderdesarrollar todas sus actividades y ampliar la asistencia dada anteriormente,proyectamos un edificio sin l\u00edmites donde los tabiques fueran m\u00f3viles y losespacios polivalentes. Arquitecto: David Caballero \/ Superficie: 5.250m\u00b2 edificio + 17780m\u00b2 [&hellip;]\" \/>\n<meta property=\"og:url\" content=\"https:\/\/www.grupoasame.com\/index.php\/concurso\/la-muntanyeta-centro-paralisis-cerebral\/\" \/>\n<meta property=\"og:site_name\" content=\"Arquitecto Reus, Tarragona y Catalunya | ASAME Arquitectura\" \/>\n<meta property=\"article:publisher\" content=\"https:\/\/www.facebook.com\/ASAMEarquitectura\/\" \/>\n<meta property=\"article:published_time\" content=\"2021-08-27T05:47:48+00:00\" \/>\n<meta property=\"article:modified_time\" content=\"2022-03-04T08:23:33+00:00\" \/>\n<meta property=\"og:image\" content=\"https:\/\/www.grupoasame.com\/wp-content\/uploads\/2020\/12\/render-principal-2-scaled.jpg\" \/>\n\t<meta property=\"og:image:width\" content=\"2560\" \/>\n\t<meta property=\"og:image:height\" content=\"1185\" \/>\n\t<meta property=\"og:image:type\" content=\"image\/jpeg\" \/>\n<meta name=\"author\" content=\"admin\" \/>\n<meta name=\"twitter:card\" content=\"summary_large_image\" \/>\n<meta name=\"twitter:label1\" content=\"Escrito por\" \/>\n\t<meta name=\"twitter:data1\" content=\"admin\" \/>\n<script type=\"application\/ld+json\" class=\"yoast-schema-graph\">{\"@context\":\"https:\/\/schema.org\",\"@graph\":[{\"@type\":\"Article\",\"@id\":\"https:\/\/www.grupoasame.com\/index.php\/concurso\/la-muntanyeta-centro-paralisis-cerebral\/#article\",\"isPartOf\":{\"@id\":\"https:\/\/www.grupoasame.com\/index.php\/concurso\/la-muntanyeta-centro-paralisis-cerebral\/\"},\"author\":{\"name\":\"admin\",\"@id\":\"https:\/\/www.grupoasame.com\/#\/schema\/person\/6c38834f0de4c940ec664c5b9a0ef038\"},\"headline\":\"La Muntanyeta, Centro Par\u00e1lisis Cerebral\",\"datePublished\":\"2021-08-27T05:47:48+00:00\",\"dateModified\":\"2022-03-04T08:23:33+00:00\",\"mainEntityOfPage\":{\"@id\":\"https:\/\/www.grupoasame.com\/index.php\/concurso\/la-muntanyeta-centro-paralisis-cerebral\/\"},\"wordCount\":92,\"publisher\":{\"@id\":\"https:\/\/www.grupoasame.com\/#organization\"},\"image\":{\"@id\":\"https:\/\/www.grupoasame.com\/index.php\/concurso\/la-muntanyeta-centro-paralisis-cerebral\/#primaryimage\"},\"thumbnailUrl\":\"https:\/\/www.grupoasame.com\/wp-content\/uploads\/2020\/12\/render-principal-2-scaled.jpg\",\"articleSection\":[\"Concurso\",\"Equipamiento\",\"Rehabilitaci\u00f3n\"],\"inLanguage\":\"es\"},{\"@type\":\"WebPage\",\"@id\":\"https:\/\/www.grupoasame.com\/index.php\/concurso\/la-muntanyeta-centro-paralisis-cerebral\/\",\"url\":\"https:\/\/www.grupoasame.com\/index.php\/concurso\/la-muntanyeta-centro-paralisis-cerebral\/\",\"name\":\"La Muntanyeta, Centro Par\u00e1lisis Cerebral - Arquitecto Reus, Tarragona y Catalunya | ASAME Arquitectura\",\"isPartOf\":{\"@id\":\"https:\/\/www.grupoasame.com\/#website\"},\"primaryImageOfPage\":{\"@id\":\"https:\/\/www.grupoasame.com\/index.php\/concurso\/la-muntanyeta-centro-paralisis-cerebral\/#primaryimage\"},\"image\":{\"@id\":\"https:\/\/www.grupoasame.com\/index.php\/concurso\/la-muntanyeta-centro-paralisis-cerebral\/#primaryimage\"},\"thumbnailUrl\":\"https:\/\/www.grupoasame.com\/wp-content\/uploads\/2020\/12\/render-principal-2-scaled.jpg\",\"datePublished\":\"2021-08-27T05:47:48+00:00\",\"dateModified\":\"2022-03-04T08:23:33+00:00\",\"breadcrumb\":{\"@id\":\"https:\/\/www.grupoasame.com\/index.php\/concurso\/la-muntanyeta-centro-paralisis-cerebral\/#breadcrumb\"},\"inLanguage\":\"es\",\"potentialAction\":[{\"@type\":\"ReadAction\",\"target\":[\"https:\/\/www.grupoasame.com\/index.php\/concurso\/la-muntanyeta-centro-paralisis-cerebral\/\"]}]},{\"@type\":\"ImageObject\",\"inLanguage\":\"es\",\"@id\":\"https:\/\/www.grupoasame.com\/index.php\/concurso\/la-muntanyeta-centro-paralisis-cerebral\/#primaryimage\",\"url\":\"https:\/\/www.grupoasame.com\/wp-content\/uploads\/2020\/12\/render-principal-2-scaled.jpg\",\"contentUrl\":\"https:\/\/www.grupoasame.com\/wp-content\/uploads\/2020\/12\/render-principal-2-scaled.jpg\",\"width\":2560,\"height\":1185},{\"@type\":\"BreadcrumbList\",\"@id\":\"https:\/\/www.grupoasame.com\/index.php\/concurso\/la-muntanyeta-centro-paralisis-cerebral\/#breadcrumb\",\"itemListElement\":[{\"@type\":\"ListItem\",\"position\":1,\"name\":\"Portada\",\"item\":\"https:\/\/www.grupoasame.com\/\"},{\"@type\":\"ListItem\",\"position\":2,\"name\":\"La Muntanyeta, Centro Par\u00e1lisis Cerebral\"}]},{\"@type\":\"WebSite\",\"@id\":\"https:\/\/www.grupoasame.com\/#website\",\"url\":\"https:\/\/www.grupoasame.com\/\",\"name\":\"Arquitecto Reus, Tarragona y Catalunya | ASAME Arquitectura\",\"description\":\"Redacci\u00f3n de proyectos de arquitectura en obra nueva, rehabilitaci\u00f3n y reforma de interiores, teniendo experiencia en proyectos desde escalas peque\u00f1as a proyectos de mayor envergadura. Gestionando el proyecto del dise\u00f1o a la finalizaci\u00f3n de su ejecuci\u00f3n.\",\"publisher\":{\"@id\":\"https:\/\/www.grupoasame.com\/#organization\"},\"alternateName\":\"Asame\",\"potentialAction\":[{\"@type\":\"SearchAction\",\"target\":{\"@type\":\"EntryPoint\",\"urlTemplate\":\"https:\/\/www.grupoasame.com\/?s={search_term_string}\"},\"query-input\":{\"@type\":\"PropertyValueSpecification\",\"valueRequired\":true,\"valueName\":\"search_term_string\"}}],\"inLanguage\":\"es\"},{\"@type\":\"Organization\",\"@id\":\"https:\/\/www.grupoasame.com\/#organization\",\"name\":\"Arquitecto Reus, Tarragona y Catalunya | ASAME Arquitectura\",\"url\":\"https:\/\/www.grupoasame.com\/\",\"logo\":{\"@type\":\"ImageObject\",\"inLanguage\":\"es\",\"@id\":\"https:\/\/www.grupoasame.com\/#\/schema\/logo\/image\/\",\"url\":\"https:\/\/www.grupoasame.com\/wp-content\/uploads\/2020\/12\/cropped-ASAME-LOGO-LETRA2.png\",\"contentUrl\":\"https:\/\/www.grupoasame.com\/wp-content\/uploads\/2020\/12\/cropped-ASAME-LOGO-LETRA2.png\",\"width\":1240,\"height\":355,\"caption\":\"Arquitecto Reus, Tarragona y Catalunya | ASAME Arquitectura\"},\"image\":{\"@id\":\"https:\/\/www.grupoasame.com\/#\/schema\/logo\/image\/\"},\"sameAs\":[\"https:\/\/www.facebook.com\/ASAMEarquitectura\/\",\"https:\/\/www.instagram.com\/asamearquitectura\/\",\"https:\/\/www.linkedin.com\/company\/asame-arquitectura\/?originalSubdomain=es\"]},{\"@type\":\"Person\",\"@id\":\"https:\/\/www.grupoasame.com\/#\/schema\/person\/6c38834f0de4c940ec664c5b9a0ef038\",\"name\":\"admin\",\"image\":{\"@type\":\"ImageObject\",\"inLanguage\":\"es\",\"@id\":\"https:\/\/www.grupoasame.com\/#\/schema\/person\/image\/\",\"url\":\"https:\/\/secure.gravatar.com\/avatar\/c1dc1b939c99bbd0024e7786ad3cbe360907c3ff0b34ca07be30cd834e372a64?s=96&d=mm&r=g\",\"contentUrl\":\"https:\/\/secure.gravatar.com\/avatar\/c1dc1b939c99bbd0024e7786ad3cbe360907c3ff0b34ca07be30cd834e372a64?s=96&d=mm&r=g\",\"caption\":\"admin\"},\"sameAs\":[\"http:\/\/www.grupoasame.com\"],\"url\":\"https:\/\/www.grupoasame.com\/index.php\/author\/admin\/\"}]}<\/script>\n<!-- \/ Yoast SEO plugin. -->","yoast_head_json":{"title":"La Muntanyeta, Centro Par\u00e1lisis Cerebral - Arquitecto Reus, Tarragona y Catalunya | ASAME Arquitectura","robots":{"index":"index","follow":"follow","max-snippet":"max-snippet:-1","max-image-preview":"max-image-preview:large","max-video-preview":"max-video-preview:-1"},"canonical":"https:\/\/www.grupoasame.com\/index.php\/concurso\/la-muntanyeta-centro-paralisis-cerebral\/","og_locale":"es_ES","og_type":"article","og_title":"La Muntanyeta, Centro Par\u00e1lisis Cerebral - Arquitecto Reus, Tarragona y Catalunya | ASAME Arquitectura","og_description":"La Muntanyeta Sin l\u00edmites Primer Premio del concurso para el nuevo centro de par\u00e1lisiscerebral en Tarragona, la asociaci\u00f3n requer\u00eda de un nuevo edificio para poderdesarrollar todas sus actividades y ampliar la asistencia dada anteriormente,proyectamos un edificio sin l\u00edmites donde los tabiques fueran m\u00f3viles y losespacios polivalentes. Arquitecto: David Caballero \/ Superficie: 5.250m\u00b2 edificio + 17780m\u00b2 [&hellip;]","og_url":"https:\/\/www.grupoasame.com\/index.php\/concurso\/la-muntanyeta-centro-paralisis-cerebral\/","og_site_name":"Arquitecto Reus, Tarragona y Catalunya | ASAME Arquitectura","article_publisher":"https:\/\/www.facebook.com\/ASAMEarquitectura\/","article_published_time":"2021-08-27T05:47:48+00:00","article_modified_time":"2022-03-04T08:23:33+00:00","og_image":[{"width":2560,"height":1185,"url":"https:\/\/www.grupoasame.com\/wp-content\/uploads\/2020\/12\/render-principal-2-scaled.jpg","type":"image\/jpeg"}],"author":"admin","twitter_card":"summary_large_image","twitter_misc":{"Escrito por":"admin"},"schema":{"@context":"https:\/\/schema.org","@graph":[{"@type":"Article","@id":"https:\/\/www.grupoasame.com\/index.php\/concurso\/la-muntanyeta-centro-paralisis-cerebral\/#article","isPartOf":{"@id":"https:\/\/www.grupoasame.com\/index.php\/concurso\/la-muntanyeta-centro-paralisis-cerebral\/"},"author":{"name":"admin","@id":"https:\/\/www.grupoasame.com\/#\/schema\/person\/6c38834f0de4c940ec664c5b9a0ef038"},"headline":"La Muntanyeta, Centro Par\u00e1lisis Cerebral","datePublished":"2021-08-27T05:47:48+00:00","dateModified":"2022-03-04T08:23:33+00:00","mainEntityOfPage":{"@id":"https:\/\/www.grupoasame.com\/index.php\/concurso\/la-muntanyeta-centro-paralisis-cerebral\/"},"wordCount":92,"publisher":{"@id":"https:\/\/www.grupoasame.com\/#organization"},"image":{"@id":"https:\/\/www.grupoasame.com\/index.php\/concurso\/la-muntanyeta-centro-paralisis-cerebral\/#primaryimage"},"thumbnailUrl":"https:\/\/www.grupoasame.com\/wp-content\/uploads\/2020\/12\/render-principal-2-scaled.jpg","articleSection":["Concurso","Equipamiento","Rehabilitaci\u00f3n"],"inLanguage":"es"},{"@type":"WebPage","@id":"https:\/\/www.grupoasame.com\/index.php\/concurso\/la-muntanyeta-centro-paralisis-cerebral\/","url":"https:\/\/www.grupoasame.com\/index.php\/concurso\/la-muntanyeta-centro-paralisis-cerebral\/","name":"La Muntanyeta, Centro Par\u00e1lisis Cerebral - Arquitecto Reus, Tarragona y Catalunya | ASAME Arquitectura","isPartOf":{"@id":"https:\/\/www.grupoasame.com\/#website"},"primaryImageOfPage":{"@id":"https:\/\/www.grupoasame.com\/index.php\/concurso\/la-muntanyeta-centro-paralisis-cerebral\/#primaryimage"},"image":{"@id":"https:\/\/www.grupoasame.com\/index.php\/concurso\/la-muntanyeta-centro-paralisis-cerebral\/#primaryimage"},"thumbnailUrl":"https:\/\/www.grupoasame.com\/wp-content\/uploads\/2020\/12\/render-principal-2-scaled.jpg","datePublished":"2021-08-27T05:47:48+00:00","dateModified":"2022-03-04T08:23:33+00:00","breadcrumb":{"@id":"https:\/\/www.grupoasame.com\/index.php\/concurso\/la-muntanyeta-centro-paralisis-cerebral\/#breadcrumb"},"inLanguage":"es","potentialAction":[{"@type":"ReadAction","target":["https:\/\/www.grupoasame.com\/index.php\/concurso\/la-muntanyeta-centro-paralisis-cerebral\/"]}]},{"@type":"ImageObject","inLanguage":"es","@id":"https:\/\/www.grupoasame.com\/index.php\/concurso\/la-muntanyeta-centro-paralisis-cerebral\/#primaryimage","url":"https:\/\/www.grupoasame.com\/wp-content\/uploads\/2020\/12\/render-principal-2-scaled.jpg","contentUrl":"https:\/\/www.grupoasame.com\/wp-content\/uploads\/2020\/12\/render-principal-2-scaled.jpg","width":2560,"height":1185},{"@type":"BreadcrumbList","@id":"https:\/\/www.grupoasame.com\/index.php\/concurso\/la-muntanyeta-centro-paralisis-cerebral\/#breadcrumb","itemListElement":[{"@type":"ListItem","position":1,"name":"Portada","item":"https:\/\/www.grupoasame.com\/"},{"@type":"ListItem","position":2,"name":"La Muntanyeta, Centro Par\u00e1lisis Cerebral"}]},{"@type":"WebSite","@id":"https:\/\/www.grupoasame.com\/#website","url":"https:\/\/www.grupoasame.com\/","name":"Arquitecto Reus, Tarragona y Catalunya | ASAME Arquitectura","description":"Redacci\u00f3n de proyectos de arquitectura en obra nueva, rehabilitaci\u00f3n y reforma de interiores, teniendo experiencia en proyectos desde escalas peque\u00f1as a proyectos de mayor envergadura. Gestionando el proyecto del dise\u00f1o a la finalizaci\u00f3n de su ejecuci\u00f3n.","publisher":{"@id":"https:\/\/www.grupoasame.com\/#organization"},"alternateName":"Asame","potentialAction":[{"@type":"SearchAction","target":{"@type":"EntryPoint","urlTemplate":"https:\/\/www.grupoasame.com\/?s={search_term_string}"},"query-input":{"@type":"PropertyValueSpecification","valueRequired":true,"valueName":"search_term_string"}}],"inLanguage":"es"},{"@type":"Organization","@id":"https:\/\/www.grupoasame.com\/#organization","name":"Arquitecto Reus, Tarragona y Catalunya | ASAME Arquitectura","url":"https:\/\/www.grupoasame.com\/","logo":{"@type":"ImageObject","inLanguage":"es","@id":"https:\/\/www.grupoasame.com\/#\/schema\/logo\/image\/","url":"https:\/\/www.grupoasame.com\/wp-content\/uploads\/2020\/12\/cropped-ASAME-LOGO-LETRA2.png","contentUrl":"https:\/\/www.grupoasame.com\/wp-content\/uploads\/2020\/12\/cropped-ASAME-LOGO-LETRA2.png","width":1240,"height":355,"caption":"Arquitecto Reus, Tarragona y Catalunya | ASAME Arquitectura"},"image":{"@id":"https:\/\/www.grupoasame.com\/#\/schema\/logo\/image\/"},"sameAs":["https:\/\/www.facebook.com\/ASAMEarquitectura\/","https:\/\/www.instagram.com\/asamearquitectura\/","https:\/\/www.linkedin.com\/company\/asame-arquitectura\/?originalSubdomain=es"]},{"@type":"Person","@id":"https:\/\/www.grupoasame.com\/#\/schema\/person\/6c38834f0de4c940ec664c5b9a0ef038","name":"admin","image":{"@type":"ImageObject","inLanguage":"es","@id":"https:\/\/www.grupoasame.com\/#\/schema\/person\/image\/","url":"https:\/\/secure.gravatar.com\/avatar\/c1dc1b939c99bbd0024e7786ad3cbe360907c3ff0b34ca07be30cd834e372a64?s=96&d=mm&r=g","contentUrl":"https:\/\/secure.gravatar.com\/avatar\/c1dc1b939c99bbd0024e7786ad3cbe360907c3ff0b34ca07be30cd834e372a64?s=96&d=mm&r=g","caption":"admin"},"sameAs":["http:\/\/www.grupoasame.com"],"url":"https:\/\/www.grupoasame.com\/index.php\/author\/admin\/"}]}},"_links":{"self":[{"href":"https:\/\/www.grupoasame.com\/index.php\/wp-json\/wp\/v2\/posts\/994","targetHints":{"allow":["GET"]}}],"collection":[{"href":"https:\/\/www.grupoasame.com\/index.php\/wp-json\/wp\/v2\/posts"}],"about":[{"href":"https:\/\/www.grupoasame.com\/index.php\/wp-json\/wp\/v2\/types\/post"}],"author":[{"embeddable":true,"href":"https:\/\/www.grupoasame.com\/index.php\/wp-json\/wp\/v2\/users\/1"}],"replies":[{"embeddable":true,"href":"https:\/\/www.grupoasame.com\/index.php\/wp-json\/wp\/v2\/comments?post=994"}],"version-history":[{"count":14,"href":"https:\/\/www.grupoasame.com\/index.php\/wp-json\/wp\/v2\/posts\/994\/revisions"}],"predecessor-version":[{"id":1189,"href":"https:\/\/www.grupoasame.com\/index.php\/wp-json\/wp\/v2\/posts\/994\/revisions\/1189"}],"wp:featuredmedia":[{"embeddable":true,"href":"https:\/\/www.grupoasame.com\/index.php\/wp-json\/wp\/v2\/media\/556"}],"wp:attachment":[{"href":"https:\/\/www.grupoasame.com\/index.php\/wp-json\/wp\/v2\/media?parent=994"}],"wp:term":[{"taxonomy":"category","embeddable":true,"href":"https:\/\/www.grupoasame.com\/index.php\/wp-json\/wp\/v2\/categories?post=994"},{"taxonomy":"post_tag","embeddable":true,"href":"https:\/\/www.grupoasame.com\/index.php\/wp-json\/wp\/v2\/tags?post=994"}],"curies":[{"name":"wp","href":"https:\/\/api.w.org\/{rel}","templated":true}]}}