{"id":679,"date":"2021-08-02T11:33:13","date_gmt":"2021-08-02T11:33:13","guid":{"rendered":"http:\/\/www.grupoasame.com\/?p=679"},"modified":"2022-03-04T08:25:57","modified_gmt":"2022-03-04T08:25:57","slug":"house","status":"publish","type":"post","link":"https:\/\/www.grupoasame.com\/index.php\/vivienda\/house\/","title":{"rendered":"# House"},"content":{"rendered":"\t\t<div data-elementor-type=\"wp-post\" data-elementor-id=\"679\" class=\"elementor elementor-679\" data-elementor-post-type=\"post\">\n\t\t\t\t\t\t<section class=\"elementor-section elementor-top-section elementor-element elementor-element-64f74b8 elementor-section-full_width elementor-section-height-default elementor-section-height-default\" data-id=\"64f74b8\" data-element_type=\"section\">\n\t\t\t\t\t\t<div class=\"elementor-container elementor-column-gap-wide\">\n\t\t\t\t\t<div class=\"elementor-column elementor-col-50 elementor-top-column elementor-element elementor-element-ba290ff\" data-id=\"ba290ff\" data-element_type=\"column\">\n\t\t\t<div class=\"elementor-widget-wrap elementor-element-populated\">\n\t\t\t\t\t\t<div class=\"elementor-element elementor-element-cd6d0ca elementor-widget elementor-widget-gallery\" data-id=\"cd6d0ca\" data-element_type=\"widget\" data-settings=\"{&quot;gallery_layout&quot;:&quot;masonry&quot;,&quot;columns&quot;:1,&quot;columns_tablet&quot;:1,&quot;lazyload&quot;:&quot;yes&quot;,&quot;columns_mobile&quot;:1,&quot;gap&quot;:{&quot;unit&quot;:&quot;px&quot;,&quot;size&quot;:10,&quot;sizes&quot;:[]},&quot;gap_tablet&quot;:{&quot;unit&quot;:&quot;px&quot;,&quot;size&quot;:10,&quot;sizes&quot;:[]},&quot;gap_mobile&quot;:{&quot;unit&quot;:&quot;px&quot;,&quot;size&quot;:10,&quot;sizes&quot;:[]},&quot;link_to&quot;:&quot;file&quot;,&quot;overlay_background&quot;:&quot;yes&quot;,&quot;content_hover_animation&quot;:&quot;fade-in&quot;}\" data-widget_type=\"gallery.default\">\n\t\t\t\t<div class=\"elementor-widget-container\">\n\t\t\t\t\t\t\t<div class=\"elementor-gallery__container\">\n\t\t\t\t\t\t\t<a class=\"e-gallery-item elementor-gallery-item elementor-animated-content\" href=\"https:\/\/www.grupoasame.com\/wp-content\/uploads\/2021\/08\/01_01-13-20-scaled.jpg\" data-elementor-open-lightbox=\"yes\" data-elementor-lightbox-slideshow=\"cd6d0ca\" data-elementor-lightbox-title=\"Fachada principal\" data-e-action-hash=\"#elementor-action%3Aaction%3Dlightbox%26settings%3DeyJpZCI6NzM3LCJ1cmwiOiJodHRwczpcL1wvd3d3LmdydXBvYXNhbWUuY29tXC93cC1jb250ZW50XC91cGxvYWRzXC8yMDIxXC8wOFwvMDFfMDEtMTMtMjAtc2NhbGVkLmpwZyIsInNsaWRlc2hvdyI6ImNkNmQwY2EifQ%3D%3D\">\n\t\t\t\t\t<div class=\"e-gallery-image elementor-gallery-item__image\" data-thumbnail=\"https:\/\/www.grupoasame.com\/wp-content\/uploads\/2021\/08\/01_01-13-20-scaled.jpg\" data-width=\"2560\" data-height=\"1440\" aria-label=\"\" role=\"img\" ><\/div>\n\t\t\t\t\t\t\t\t\t\t\t<div class=\"elementor-gallery-item__overlay\"><\/div>\n\t\t\t\t\t\t\t\t\t\t\t\t\t\t<\/a>\n\t\t\t\t\t\t\t<a class=\"e-gallery-item elementor-gallery-item elementor-animated-content\" href=\"https:\/\/www.grupoasame.com\/wp-content\/uploads\/2021\/08\/house_PB-PLANTA-scaled.jpg\" data-elementor-open-lightbox=\"yes\" data-elementor-lightbox-slideshow=\"cd6d0ca\" data-elementor-lightbox-title=\"Planta Baja\" data-e-action-hash=\"#elementor-action%3Aaction%3Dlightbox%26settings%3DeyJpZCI6NzQ0LCJ1cmwiOiJodHRwczpcL1wvd3d3LmdydXBvYXNhbWUuY29tXC93cC1jb250ZW50XC91cGxvYWRzXC8yMDIxXC8wOFwvaG91c2VfUEItUExBTlRBLXNjYWxlZC5qcGciLCJzbGlkZXNob3ciOiJjZDZkMGNhIn0%3D\">\n\t\t\t\t\t<div class=\"e-gallery-image elementor-gallery-item__image\" data-thumbnail=\"https:\/\/www.grupoasame.com\/wp-content\/uploads\/2021\/08\/house_PB-PLANTA-scaled.jpg\" data-width=\"2560\" data-height=\"1809\" aria-label=\"\" role=\"img\" ><\/div>\n\t\t\t\t\t\t\t\t\t\t\t<div class=\"elementor-gallery-item__overlay\"><\/div>\n\t\t\t\t\t\t\t\t\t\t\t\t\t\t<\/a>\n\t\t\t\t\t\t\t<a class=\"e-gallery-item elementor-gallery-item elementor-animated-content\" href=\"https:\/\/www.grupoasame.com\/wp-content\/uploads\/2021\/08\/house_PB1-PLANTA-scaled.jpg\" data-elementor-open-lightbox=\"yes\" data-elementor-lightbox-slideshow=\"cd6d0ca\" data-elementor-lightbox-title=\"Planta Primera\" data-e-action-hash=\"#elementor-action%3Aaction%3Dlightbox%26settings%3DeyJpZCI6NzQzLCJ1cmwiOiJodHRwczpcL1wvd3d3LmdydXBvYXNhbWUuY29tXC93cC1jb250ZW50XC91cGxvYWRzXC8yMDIxXC8wOFwvaG91c2VfUEIxLVBMQU5UQS1zY2FsZWQuanBnIiwic2xpZGVzaG93IjoiY2Q2ZDBjYSJ9\">\n\t\t\t\t\t<div class=\"e-gallery-image elementor-gallery-item__image\" data-thumbnail=\"https:\/\/www.grupoasame.com\/wp-content\/uploads\/2021\/08\/house_PB1-PLANTA-scaled.jpg\" data-width=\"2560\" data-height=\"1809\" aria-label=\"\" role=\"img\" ><\/div>\n\t\t\t\t\t\t\t\t\t\t\t<div class=\"elementor-gallery-item__overlay\"><\/div>\n\t\t\t\t\t\t\t\t\t\t\t\t\t\t<\/a>\n\t\t\t\t\t\t\t<a class=\"e-gallery-item elementor-gallery-item elementor-animated-content\" href=\"https:\/\/www.grupoasame.com\/wp-content\/uploads\/2021\/08\/4-INTERIOR-HOUSE-scaled.jpg\" data-elementor-open-lightbox=\"yes\" data-elementor-lightbox-slideshow=\"cd6d0ca\" data-elementor-lightbox-title=\"Sal\u00f3n - comedor\" data-e-action-hash=\"#elementor-action%3Aaction%3Dlightbox%26settings%3DeyJpZCI6NzQwLCJ1cmwiOiJodHRwczpcL1wvd3d3LmdydXBvYXNhbWUuY29tXC93cC1jb250ZW50XC91cGxvYWRzXC8yMDIxXC8wOFwvNC1JTlRFUklPUi1IT1VTRS1zY2FsZWQuanBnIiwic2xpZGVzaG93IjoiY2Q2ZDBjYSJ9\">\n\t\t\t\t\t<div class=\"e-gallery-image elementor-gallery-item__image\" data-thumbnail=\"https:\/\/www.grupoasame.com\/wp-content\/uploads\/2021\/08\/4-INTERIOR-HOUSE-scaled.jpg\" data-width=\"2560\" data-height=\"1440\" aria-label=\"\" role=\"img\" ><\/div>\n\t\t\t\t\t\t\t\t\t\t\t<div class=\"elementor-gallery-item__overlay\"><\/div>\n\t\t\t\t\t\t\t\t\t\t\t\t\t\t<\/a>\n\t\t\t\t\t\t\t<a class=\"e-gallery-item elementor-gallery-item elementor-animated-content\" href=\"https:\/\/www.grupoasame.com\/wp-content\/uploads\/2021\/08\/09_01-27-20.jpeg\" data-elementor-open-lightbox=\"yes\" data-elementor-lightbox-slideshow=\"cd6d0ca\" data-elementor-lightbox-title=\"Suite + terraza\" data-e-action-hash=\"#elementor-action%3Aaction%3Dlightbox%26settings%3DeyJpZCI6NzQyLCJ1cmwiOiJodHRwczpcL1wvd3d3LmdydXBvYXNhbWUuY29tXC93cC1jb250ZW50XC91cGxvYWRzXC8yMDIxXC8wOFwvMDlfMDEtMjctMjAuanBlZyIsInNsaWRlc2hvdyI6ImNkNmQwY2EifQ%3D%3D\">\n\t\t\t\t\t<div class=\"e-gallery-image elementor-gallery-item__image\" data-thumbnail=\"https:\/\/www.grupoasame.com\/wp-content\/uploads\/2021\/08\/09_01-27-20.jpeg\" data-width=\"1600\" data-height=\"900\" aria-label=\"\" role=\"img\" ><\/div>\n\t\t\t\t\t\t\t\t\t\t\t<div class=\"elementor-gallery-item__overlay\"><\/div>\n\t\t\t\t\t\t\t\t\t\t\t\t\t\t<\/a>\n\t\t\t\t\t\t\t<a class=\"e-gallery-item elementor-gallery-item elementor-animated-content\" href=\"https:\/\/www.grupoasame.com\/wp-content\/uploads\/2021\/08\/02-house-trasera-scaled.jpg\" data-elementor-open-lightbox=\"yes\" data-elementor-lightbox-slideshow=\"cd6d0ca\" data-elementor-lightbox-title=\"Zona piscina\" data-e-action-hash=\"#elementor-action%3Aaction%3Dlightbox%26settings%3DeyJpZCI6NzM4LCJ1cmwiOiJodHRwczpcL1wvd3d3LmdydXBvYXNhbWUuY29tXC93cC1jb250ZW50XC91cGxvYWRzXC8yMDIxXC8wOFwvMDItaG91c2UtdHJhc2VyYS1zY2FsZWQuanBnIiwic2xpZGVzaG93IjoiY2Q2ZDBjYSJ9\">\n\t\t\t\t\t<div class=\"e-gallery-image elementor-gallery-item__image\" data-thumbnail=\"https:\/\/www.grupoasame.com\/wp-content\/uploads\/2021\/08\/02-house-trasera-scaled.jpg\" data-width=\"2560\" data-height=\"1440\" aria-label=\"\" role=\"img\" ><\/div>\n\t\t\t\t\t\t\t\t\t\t\t<div class=\"elementor-gallery-item__overlay\"><\/div>\n\t\t\t\t\t\t\t\t\t\t\t\t\t\t<\/a>\n\t\t\t\t\t\t\t<a class=\"e-gallery-item elementor-gallery-item elementor-animated-content\" href=\"https:\/\/www.grupoasame.com\/wp-content\/uploads\/2021\/08\/04_01-22-20-LATERAL-final-1-scaled.jpg\" data-elementor-open-lightbox=\"yes\" data-elementor-lightbox-slideshow=\"cd6d0ca\" data-elementor-lightbox-title=\"Exterior norte\" data-e-action-hash=\"#elementor-action%3Aaction%3Dlightbox%26settings%3DeyJpZCI6NzM5LCJ1cmwiOiJodHRwczpcL1wvd3d3LmdydXBvYXNhbWUuY29tXC93cC1jb250ZW50XC91cGxvYWRzXC8yMDIxXC8wOFwvMDRfMDEtMjItMjAtTEFURVJBTC1maW5hbC0xLXNjYWxlZC5qcGciLCJzbGlkZXNob3ciOiJjZDZkMGNhIn0%3D\">\n\t\t\t\t\t<div class=\"e-gallery-image elementor-gallery-item__image\" data-thumbnail=\"https:\/\/www.grupoasame.com\/wp-content\/uploads\/2021\/08\/04_01-22-20-LATERAL-final-1-scaled.jpg\" data-width=\"2560\" data-height=\"1440\" aria-label=\"\" role=\"img\" ><\/div>\n\t\t\t\t\t\t\t\t\t\t\t<div class=\"elementor-gallery-item__overlay\"><\/div>\n\t\t\t\t\t\t\t\t\t\t\t\t\t\t<\/a>\n\t\t\t\t\t\t\t<a class=\"e-gallery-item elementor-gallery-item elementor-animated-content\" href=\"https:\/\/www.grupoasame.com\/wp-content\/uploads\/2020\/12\/HOUSE-6-scaled.jpg\" data-elementor-open-lightbox=\"yes\" data-elementor-lightbox-slideshow=\"cd6d0ca\" data-elementor-lightbox-title=\"Cocina\" data-e-action-hash=\"#elementor-action%3Aaction%3Dlightbox%26settings%3DeyJpZCI6MjM0LCJ1cmwiOiJodHRwczpcL1wvd3d3LmdydXBvYXNhbWUuY29tXC93cC1jb250ZW50XC91cGxvYWRzXC8yMDIwXC8xMlwvSE9VU0UtNi1zY2FsZWQuanBnIiwic2xpZGVzaG93IjoiY2Q2ZDBjYSJ9\">\n\t\t\t\t\t<div class=\"e-gallery-image elementor-gallery-item__image\" data-thumbnail=\"https:\/\/www.grupoasame.com\/wp-content\/uploads\/2020\/12\/HOUSE-6-scaled.jpg\" data-width=\"2560\" data-height=\"1440\" aria-label=\"\" role=\"img\" ><\/div>\n\t\t\t\t\t\t\t\t\t\t\t<div class=\"elementor-gallery-item__overlay\"><\/div>\n\t\t\t\t\t\t\t\t\t\t\t\t\t\t<\/a>\n\t\t\t\t\t\t\t<a class=\"e-gallery-item elementor-gallery-item elementor-animated-content\" href=\"https:\/\/www.grupoasame.com\/wp-content\/uploads\/2021\/08\/HOUSE-REV01-axo-somb.png\" data-elementor-open-lightbox=\"yes\" data-elementor-lightbox-slideshow=\"cd6d0ca\" data-elementor-lightbox-title=\"Axonometria\" data-e-action-hash=\"#elementor-action%3Aaction%3Dlightbox%26settings%3DeyJpZCI6NzM2LCJ1cmwiOiJodHRwczpcL1wvd3d3LmdydXBvYXNhbWUuY29tXC93cC1jb250ZW50XC91cGxvYWRzXC8yMDIxXC8wOFwvSE9VU0UtUkVWMDEtYXhvLXNvbWIucG5nIiwic2xpZGVzaG93IjoiY2Q2ZDBjYSJ9\">\n\t\t\t\t\t<div class=\"e-gallery-image elementor-gallery-item__image\" data-thumbnail=\"https:\/\/www.grupoasame.com\/wp-content\/uploads\/2021\/08\/HOUSE-REV01-axo-somb.png\" data-width=\"1294\" data-height=\"1341\" aria-label=\"\" role=\"img\" ><\/div>\n\t\t\t\t\t\t\t\t\t\t\t<div class=\"elementor-gallery-item__overlay\"><\/div>\n\t\t\t\t\t\t\t\t\t\t\t\t\t\t<\/a>\n\t\t\t\t\t<\/div>\n\t\t\t\t\t<\/div>\n\t\t\t\t<\/div>\n\t\t\t\t\t<\/div>\n\t\t<\/div>\n\t\t\t\t<div class=\"elementor-column elementor-col-50 elementor-top-column elementor-element elementor-element-21bcfa4\" data-id=\"21bcfa4\" data-element_type=\"column\">\n\t\t\t<div class=\"elementor-widget-wrap elementor-element-populated\">\n\t\t\t\t\t\t<div class=\"elementor-element elementor-element-ff25470 elementor-widget elementor-widget-heading\" data-id=\"ff25470\" data-element_type=\"widget\" data-widget_type=\"heading.default\">\n\t\t\t\t<div class=\"elementor-widget-container\">\n\t\t\t\t\t<h4 class=\"elementor-heading-title elementor-size-default\"># House<\/h4>\t\t\t\t<\/div>\n\t\t\t\t<\/div>\n\t\t\t\t<div class=\"elementor-element elementor-element-9c63121 elementor-widget elementor-widget-heading\" data-id=\"9c63121\" data-element_type=\"widget\" data-widget_type=\"heading.default\">\n\t\t\t\t<div class=\"elementor-widget-container\">\n\t\t\t\t\t<h5 class=\"elementor-heading-title elementor-size-default\">Materializando la forma<\/h5>\t\t\t\t<\/div>\n\t\t\t\t<\/div>\n\t\t\t\t<div class=\"elementor-element elementor-element-021c28e elementor-widget elementor-widget-text-editor\" data-id=\"021c28e\" data-element_type=\"widget\" data-widget_type=\"text-editor.default\">\n\t\t\t\t<div class=\"elementor-widget-container\">\n\t\t\t\t\t\t\t\t\t<p>Este proyecto representa la combinaci\u00f3n del la forma y la materialidad, dos barras inferiores de robusto hormig\u00f3n sustentan las dos barras ligeras de lamas de madera que rotan sobre el eje de la escalera con el objetivo de conseguir las mejores orientaciones solares.<\/p>\n<p>Arquitecto: David Caballero \/ Superficie: 258m\u00b2 \/ Tipo: Obra Nueva \/ Estado: Finalizada 2021 \/ Colaboradores: Jesus Martin, Gemma Garcia. \/ Aparejador: Jordi Todlr\u00e0 \/ Estructura: Windmill Structural Consultants<\/p>\n<p><o:p><\/o:p><\/p>\t\t\t\t\t\t\t\t<\/div>\n\t\t\t\t<\/div>\n\t\t\t\t\t<\/div>\n\t\t<\/div>\n\t\t\t\t\t<\/div>\n\t\t<\/section>\n\t\t\t\t<\/div>\n\t\t","protected":false},"excerpt":{"rendered":"<p># House Materializando la forma Este proyecto representa la combinaci\u00f3n del la forma y la materialidad, dos barras inferiores de robusto hormig\u00f3n sustentan las dos barras ligeras de lamas de madera que rotan sobre el eje de la escalera con el objetivo de conseguir las mejores orientaciones solares. Arquitecto: David Caballero \/ Superficie: 258m\u00b2 \/ [&hellip;]<\/p>\n","protected":false},"author":1,"featured_media":1067,"comment_status":"closed","ping_status":"open","sticky":false,"template":"","format":"standard","meta":{"footnotes":""},"categories":[12,5],"tags":[],"class_list":["post-679","post","type-post","status-publish","format-standard","has-post-thumbnail","hentry","category-insteriorismo","category-vivienda"],"yoast_head":"<!-- This site is optimized with the Yoast SEO plugin v26.9 - https:\/\/yoast.com\/product\/yoast-seo-wordpress\/ -->\n<title># House - Arquitecto Reus, Tarragona y Catalunya | ASAME Arquitectura<\/title>\n<meta name=\"robots\" content=\"index, follow, max-snippet:-1, max-image-preview:large, max-video-preview:-1\" \/>\n<link rel=\"canonical\" href=\"https:\/\/www.grupoasame.com\/index.php\/vivienda\/house\/\" \/>\n<meta property=\"og:locale\" content=\"es_ES\" \/>\n<meta property=\"og:type\" content=\"article\" \/>\n<meta property=\"og:title\" content=\"# House - Arquitecto Reus, Tarragona y Catalunya | ASAME Arquitectura\" \/>\n<meta property=\"og:description\" content=\"# House Materializando la forma Este proyecto representa la combinaci\u00f3n del la forma y la materialidad, dos barras inferiores de robusto hormig\u00f3n sustentan las dos barras ligeras de lamas de madera que rotan sobre el eje de la escalera con el objetivo de conseguir las mejores orientaciones solares. Arquitecto: David Caballero \/ Superficie: 258m\u00b2 \/ [&hellip;]\" \/>\n<meta property=\"og:url\" content=\"https:\/\/www.grupoasame.com\/index.php\/vivienda\/house\/\" \/>\n<meta property=\"og:site_name\" content=\"Arquitecto Reus, Tarragona y Catalunya | ASAME Arquitectura\" \/>\n<meta property=\"article:publisher\" content=\"https:\/\/www.facebook.com\/ASAMEarquitectura\/\" \/>\n<meta property=\"article:published_time\" content=\"2021-08-02T11:33:13+00:00\" \/>\n<meta property=\"article:modified_time\" content=\"2022-03-04T08:25:57+00:00\" \/>\n<meta property=\"og:image\" content=\"https:\/\/www.grupoasame.com\/wp-content\/uploads\/2021\/09\/DSC_0508-scaled.jpg\" \/>\n\t<meta property=\"og:image:width\" content=\"2560\" \/>\n\t<meta property=\"og:image:height\" content=\"1707\" \/>\n\t<meta property=\"og:image:type\" content=\"image\/jpeg\" \/>\n<meta name=\"author\" content=\"admin\" \/>\n<meta name=\"twitter:card\" content=\"summary_large_image\" \/>\n<meta name=\"twitter:label1\" content=\"Escrito por\" \/>\n\t<meta name=\"twitter:data1\" content=\"admin\" \/>\n<script type=\"application\/ld+json\" class=\"yoast-schema-graph\">{\"@context\":\"https:\/\/schema.org\",\"@graph\":[{\"@type\":\"Article\",\"@id\":\"https:\/\/www.grupoasame.com\/index.php\/vivienda\/house\/#article\",\"isPartOf\":{\"@id\":\"https:\/\/www.grupoasame.com\/index.php\/vivienda\/house\/\"},\"author\":{\"name\":\"admin\",\"@id\":\"https:\/\/www.grupoasame.com\/#\/schema\/person\/6c38834f0de4c940ec664c5b9a0ef038\"},\"headline\":\"# House\",\"datePublished\":\"2021-08-02T11:33:13+00:00\",\"dateModified\":\"2022-03-04T08:25:57+00:00\",\"mainEntityOfPage\":{\"@id\":\"https:\/\/www.grupoasame.com\/index.php\/vivienda\/house\/\"},\"wordCount\":72,\"publisher\":{\"@id\":\"https:\/\/www.grupoasame.com\/#organization\"},\"image\":{\"@id\":\"https:\/\/www.grupoasame.com\/index.php\/vivienda\/house\/#primaryimage\"},\"thumbnailUrl\":\"https:\/\/www.grupoasame.com\/wp-content\/uploads\/2021\/09\/DSC_0508-scaled.jpg\",\"articleSection\":[\"Interiorismo\",\"Vivienda\"],\"inLanguage\":\"es\"},{\"@type\":\"WebPage\",\"@id\":\"https:\/\/www.grupoasame.com\/index.php\/vivienda\/house\/\",\"url\":\"https:\/\/www.grupoasame.com\/index.php\/vivienda\/house\/\",\"name\":\"# House - Arquitecto Reus, Tarragona y Catalunya | ASAME Arquitectura\",\"isPartOf\":{\"@id\":\"https:\/\/www.grupoasame.com\/#website\"},\"primaryImageOfPage\":{\"@id\":\"https:\/\/www.grupoasame.com\/index.php\/vivienda\/house\/#primaryimage\"},\"image\":{\"@id\":\"https:\/\/www.grupoasame.com\/index.php\/vivienda\/house\/#primaryimage\"},\"thumbnailUrl\":\"https:\/\/www.grupoasame.com\/wp-content\/uploads\/2021\/09\/DSC_0508-scaled.jpg\",\"datePublished\":\"2021-08-02T11:33:13+00:00\",\"dateModified\":\"2022-03-04T08:25:57+00:00\",\"breadcrumb\":{\"@id\":\"https:\/\/www.grupoasame.com\/index.php\/vivienda\/house\/#breadcrumb\"},\"inLanguage\":\"es\",\"potentialAction\":[{\"@type\":\"ReadAction\",\"target\":[\"https:\/\/www.grupoasame.com\/index.php\/vivienda\/house\/\"]}]},{\"@type\":\"ImageObject\",\"inLanguage\":\"es\",\"@id\":\"https:\/\/www.grupoasame.com\/index.php\/vivienda\/house\/#primaryimage\",\"url\":\"https:\/\/www.grupoasame.com\/wp-content\/uploads\/2021\/09\/DSC_0508-scaled.jpg\",\"contentUrl\":\"https:\/\/www.grupoasame.com\/wp-content\/uploads\/2021\/09\/DSC_0508-scaled.jpg\",\"width\":2560,\"height\":1707},{\"@type\":\"BreadcrumbList\",\"@id\":\"https:\/\/www.grupoasame.com\/index.php\/vivienda\/house\/#breadcrumb\",\"itemListElement\":[{\"@type\":\"ListItem\",\"position\":1,\"name\":\"Portada\",\"item\":\"https:\/\/www.grupoasame.com\/\"},{\"@type\":\"ListItem\",\"position\":2,\"name\":\"# House\"}]},{\"@type\":\"WebSite\",\"@id\":\"https:\/\/www.grupoasame.com\/#website\",\"url\":\"https:\/\/www.grupoasame.com\/\",\"name\":\"Arquitecto Reus, Tarragona y Catalunya | ASAME Arquitectura\",\"description\":\"Redacci\u00f3n de proyectos de arquitectura en obra nueva, rehabilitaci\u00f3n y reforma de interiores, teniendo experiencia en proyectos desde escalas peque\u00f1as a proyectos de mayor envergadura. Gestionando el proyecto del dise\u00f1o a la finalizaci\u00f3n de su ejecuci\u00f3n.\",\"publisher\":{\"@id\":\"https:\/\/www.grupoasame.com\/#organization\"},\"alternateName\":\"Asame\",\"potentialAction\":[{\"@type\":\"SearchAction\",\"target\":{\"@type\":\"EntryPoint\",\"urlTemplate\":\"https:\/\/www.grupoasame.com\/?s={search_term_string}\"},\"query-input\":{\"@type\":\"PropertyValueSpecification\",\"valueRequired\":true,\"valueName\":\"search_term_string\"}}],\"inLanguage\":\"es\"},{\"@type\":\"Organization\",\"@id\":\"https:\/\/www.grupoasame.com\/#organization\",\"name\":\"Arquitecto Reus, Tarragona y Catalunya | ASAME Arquitectura\",\"url\":\"https:\/\/www.grupoasame.com\/\",\"logo\":{\"@type\":\"ImageObject\",\"inLanguage\":\"es\",\"@id\":\"https:\/\/www.grupoasame.com\/#\/schema\/logo\/image\/\",\"url\":\"https:\/\/www.grupoasame.com\/wp-content\/uploads\/2020\/12\/cropped-ASAME-LOGO-LETRA2.png\",\"contentUrl\":\"https:\/\/www.grupoasame.com\/wp-content\/uploads\/2020\/12\/cropped-ASAME-LOGO-LETRA2.png\",\"width\":1240,\"height\":355,\"caption\":\"Arquitecto Reus, Tarragona y Catalunya | ASAME Arquitectura\"},\"image\":{\"@id\":\"https:\/\/www.grupoasame.com\/#\/schema\/logo\/image\/\"},\"sameAs\":[\"https:\/\/www.facebook.com\/ASAMEarquitectura\/\",\"https:\/\/www.instagram.com\/asamearquitectura\/\",\"https:\/\/www.linkedin.com\/company\/asame-arquitectura\/?originalSubdomain=es\"]},{\"@type\":\"Person\",\"@id\":\"https:\/\/www.grupoasame.com\/#\/schema\/person\/6c38834f0de4c940ec664c5b9a0ef038\",\"name\":\"admin\",\"image\":{\"@type\":\"ImageObject\",\"inLanguage\":\"es\",\"@id\":\"https:\/\/www.grupoasame.com\/#\/schema\/person\/image\/\",\"url\":\"https:\/\/secure.gravatar.com\/avatar\/c1dc1b939c99bbd0024e7786ad3cbe360907c3ff0b34ca07be30cd834e372a64?s=96&d=mm&r=g\",\"contentUrl\":\"https:\/\/secure.gravatar.com\/avatar\/c1dc1b939c99bbd0024e7786ad3cbe360907c3ff0b34ca07be30cd834e372a64?s=96&d=mm&r=g\",\"caption\":\"admin\"},\"sameAs\":[\"http:\/\/www.grupoasame.com\"],\"url\":\"https:\/\/www.grupoasame.com\/index.php\/author\/admin\/\"}]}<\/script>\n<!-- \/ Yoast SEO plugin. -->","yoast_head_json":{"title":"# House - Arquitecto Reus, Tarragona y Catalunya | ASAME Arquitectura","robots":{"index":"index","follow":"follow","max-snippet":"max-snippet:-1","max-image-preview":"max-image-preview:large","max-video-preview":"max-video-preview:-1"},"canonical":"https:\/\/www.grupoasame.com\/index.php\/vivienda\/house\/","og_locale":"es_ES","og_type":"article","og_title":"# House - Arquitecto Reus, Tarragona y Catalunya | ASAME Arquitectura","og_description":"# House Materializando la forma Este proyecto representa la combinaci\u00f3n del la forma y la materialidad, dos barras inferiores de robusto hormig\u00f3n sustentan las dos barras ligeras de lamas de madera que rotan sobre el eje de la escalera con el objetivo de conseguir las mejores orientaciones solares. Arquitecto: David Caballero \/ Superficie: 258m\u00b2 \/ [&hellip;]","og_url":"https:\/\/www.grupoasame.com\/index.php\/vivienda\/house\/","og_site_name":"Arquitecto Reus, Tarragona y Catalunya | ASAME Arquitectura","article_publisher":"https:\/\/www.facebook.com\/ASAMEarquitectura\/","article_published_time":"2021-08-02T11:33:13+00:00","article_modified_time":"2022-03-04T08:25:57+00:00","og_image":[{"width":2560,"height":1707,"url":"https:\/\/www.grupoasame.com\/wp-content\/uploads\/2021\/09\/DSC_0508-scaled.jpg","type":"image\/jpeg"}],"author":"admin","twitter_card":"summary_large_image","twitter_misc":{"Escrito por":"admin"},"schema":{"@context":"https:\/\/schema.org","@graph":[{"@type":"Article","@id":"https:\/\/www.grupoasame.com\/index.php\/vivienda\/house\/#article","isPartOf":{"@id":"https:\/\/www.grupoasame.com\/index.php\/vivienda\/house\/"},"author":{"name":"admin","@id":"https:\/\/www.grupoasame.com\/#\/schema\/person\/6c38834f0de4c940ec664c5b9a0ef038"},"headline":"# House","datePublished":"2021-08-02T11:33:13+00:00","dateModified":"2022-03-04T08:25:57+00:00","mainEntityOfPage":{"@id":"https:\/\/www.grupoasame.com\/index.php\/vivienda\/house\/"},"wordCount":72,"publisher":{"@id":"https:\/\/www.grupoasame.com\/#organization"},"image":{"@id":"https:\/\/www.grupoasame.com\/index.php\/vivienda\/house\/#primaryimage"},"thumbnailUrl":"https:\/\/www.grupoasame.com\/wp-content\/uploads\/2021\/09\/DSC_0508-scaled.jpg","articleSection":["Interiorismo","Vivienda"],"inLanguage":"es"},{"@type":"WebPage","@id":"https:\/\/www.grupoasame.com\/index.php\/vivienda\/house\/","url":"https:\/\/www.grupoasame.com\/index.php\/vivienda\/house\/","name":"# House - Arquitecto Reus, Tarragona y Catalunya | ASAME Arquitectura","isPartOf":{"@id":"https:\/\/www.grupoasame.com\/#website"},"primaryImageOfPage":{"@id":"https:\/\/www.grupoasame.com\/index.php\/vivienda\/house\/#primaryimage"},"image":{"@id":"https:\/\/www.grupoasame.com\/index.php\/vivienda\/house\/#primaryimage"},"thumbnailUrl":"https:\/\/www.grupoasame.com\/wp-content\/uploads\/2021\/09\/DSC_0508-scaled.jpg","datePublished":"2021-08-02T11:33:13+00:00","dateModified":"2022-03-04T08:25:57+00:00","breadcrumb":{"@id":"https:\/\/www.grupoasame.com\/index.php\/vivienda\/house\/#breadcrumb"},"inLanguage":"es","potentialAction":[{"@type":"ReadAction","target":["https:\/\/www.grupoasame.com\/index.php\/vivienda\/house\/"]}]},{"@type":"ImageObject","inLanguage":"es","@id":"https:\/\/www.grupoasame.com\/index.php\/vivienda\/house\/#primaryimage","url":"https:\/\/www.grupoasame.com\/wp-content\/uploads\/2021\/09\/DSC_0508-scaled.jpg","contentUrl":"https:\/\/www.grupoasame.com\/wp-content\/uploads\/2021\/09\/DSC_0508-scaled.jpg","width":2560,"height":1707},{"@type":"BreadcrumbList","@id":"https:\/\/www.grupoasame.com\/index.php\/vivienda\/house\/#breadcrumb","itemListElement":[{"@type":"ListItem","position":1,"name":"Portada","item":"https:\/\/www.grupoasame.com\/"},{"@type":"ListItem","position":2,"name":"# House"}]},{"@type":"WebSite","@id":"https:\/\/www.grupoasame.com\/#website","url":"https:\/\/www.grupoasame.com\/","name":"Arquitecto Reus, Tarragona y Catalunya | ASAME Arquitectura","description":"Redacci\u00f3n de proyectos de arquitectura en obra nueva, rehabilitaci\u00f3n y reforma de interiores, teniendo experiencia en proyectos desde escalas peque\u00f1as a proyectos de mayor envergadura. Gestionando el proyecto del dise\u00f1o a la finalizaci\u00f3n de su ejecuci\u00f3n.","publisher":{"@id":"https:\/\/www.grupoasame.com\/#organization"},"alternateName":"Asame","potentialAction":[{"@type":"SearchAction","target":{"@type":"EntryPoint","urlTemplate":"https:\/\/www.grupoasame.com\/?s={search_term_string}"},"query-input":{"@type":"PropertyValueSpecification","valueRequired":true,"valueName":"search_term_string"}}],"inLanguage":"es"},{"@type":"Organization","@id":"https:\/\/www.grupoasame.com\/#organization","name":"Arquitecto Reus, Tarragona y Catalunya | ASAME Arquitectura","url":"https:\/\/www.grupoasame.com\/","logo":{"@type":"ImageObject","inLanguage":"es","@id":"https:\/\/www.grupoasame.com\/#\/schema\/logo\/image\/","url":"https:\/\/www.grupoasame.com\/wp-content\/uploads\/2020\/12\/cropped-ASAME-LOGO-LETRA2.png","contentUrl":"https:\/\/www.grupoasame.com\/wp-content\/uploads\/2020\/12\/cropped-ASAME-LOGO-LETRA2.png","width":1240,"height":355,"caption":"Arquitecto Reus, Tarragona y Catalunya | ASAME Arquitectura"},"image":{"@id":"https:\/\/www.grupoasame.com\/#\/schema\/logo\/image\/"},"sameAs":["https:\/\/www.facebook.com\/ASAMEarquitectura\/","https:\/\/www.instagram.com\/asamearquitectura\/","https:\/\/www.linkedin.com\/company\/asame-arquitectura\/?originalSubdomain=es"]},{"@type":"Person","@id":"https:\/\/www.grupoasame.com\/#\/schema\/person\/6c38834f0de4c940ec664c5b9a0ef038","name":"admin","image":{"@type":"ImageObject","inLanguage":"es","@id":"https:\/\/www.grupoasame.com\/#\/schema\/person\/image\/","url":"https:\/\/secure.gravatar.com\/avatar\/c1dc1b939c99bbd0024e7786ad3cbe360907c3ff0b34ca07be30cd834e372a64?s=96&d=mm&r=g","contentUrl":"https:\/\/secure.gravatar.com\/avatar\/c1dc1b939c99bbd0024e7786ad3cbe360907c3ff0b34ca07be30cd834e372a64?s=96&d=mm&r=g","caption":"admin"},"sameAs":["http:\/\/www.grupoasame.com"],"url":"https:\/\/www.grupoasame.com\/index.php\/author\/admin\/"}]}},"_links":{"self":[{"href":"https:\/\/www.grupoasame.com\/index.php\/wp-json\/wp\/v2\/posts\/679","targetHints":{"allow":["GET"]}}],"collection":[{"href":"https:\/\/www.grupoasame.com\/index.php\/wp-json\/wp\/v2\/posts"}],"about":[{"href":"https:\/\/www.grupoasame.com\/index.php\/wp-json\/wp\/v2\/types\/post"}],"author":[{"embeddable":true,"href":"https:\/\/www.grupoasame.com\/index.php\/wp-json\/wp\/v2\/users\/1"}],"replies":[{"embeddable":true,"href":"https:\/\/www.grupoasame.com\/index.php\/wp-json\/wp\/v2\/comments?post=679"}],"version-history":[{"count":48,"href":"https:\/\/www.grupoasame.com\/index.php\/wp-json\/wp\/v2\/posts\/679\/revisions"}],"predecessor-version":[{"id":1210,"href":"https:\/\/www.grupoasame.com\/index.php\/wp-json\/wp\/v2\/posts\/679\/revisions\/1210"}],"wp:featuredmedia":[{"embeddable":true,"href":"https:\/\/www.grupoasame.com\/index.php\/wp-json\/wp\/v2\/media\/1067"}],"wp:attachment":[{"href":"https:\/\/www.grupoasame.com\/index.php\/wp-json\/wp\/v2\/media?parent=679"}],"wp:term":[{"taxonomy":"category","embeddable":true,"href":"https:\/\/www.grupoasame.com\/index.php\/wp-json\/wp\/v2\/categories?post=679"},{"taxonomy":"post_tag","embeddable":true,"href":"https:\/\/www.grupoasame.com\/index.php\/wp-json\/wp\/v2\/tags?post=679"}],"curies":[{"name":"wp","href":"https:\/\/api.w.org\/{rel}","templated":true}]}}