{"id":5,"count":6,"description":"","link":"https:\/\/www.grupoasame.com\/index.php\/category\/vivienda\/","name":"Vivienda","slug":"vivienda","taxonomy":"category","parent":0,"meta":[],"yoast_head":"<!-- This site is optimized with the Yoast SEO plugin v26.9 - https:\/\/yoast.com\/product\/yoast-seo-wordpress\/ -->\n<title>Vivienda archivos - Arquitecto Reus, Tarragona y Catalunya | ASAME Arquitectura<\/title>\n<meta name=\"robots\" content=\"index, follow, max-snippet:-1, max-image-preview:large, max-video-preview:-1\" \/>\n<link rel=\"canonical\" href=\"https:\/\/www.grupoasame.com\/index.php\/category\/vivienda\/\" \/>\n<meta property=\"og:locale\" content=\"es_ES\" \/>\n<meta property=\"og:type\" content=\"article\" \/>\n<meta property=\"og:title\" content=\"Vivienda archivos - Arquitecto Reus, Tarragona y Catalunya | ASAME Arquitectura\" \/>\n<meta property=\"og:url\" content=\"https:\/\/www.grupoasame.com\/index.php\/category\/vivienda\/\" \/>\n<meta property=\"og:site_name\" content=\"Arquitecto Reus, Tarragona y Catalunya | ASAME Arquitectura\" \/>\n<meta name=\"twitter:card\" content=\"summary_large_image\" \/>\n<script type=\"application\/ld+json\" class=\"yoast-schema-graph\">{\"@context\":\"https:\/\/schema.org\",\"@graph\":[{\"@type\":\"CollectionPage\",\"@id\":\"https:\/\/www.grupoasame.com\/index.php\/category\/vivienda\/\",\"url\":\"https:\/\/www.grupoasame.com\/index.php\/category\/vivienda\/\",\"name\":\"Vivienda archivos - Arquitecto Reus, Tarragona y Catalunya | ASAME Arquitectura\",\"isPartOf\":{\"@id\":\"https:\/\/www.grupoasame.com\/#website\"},\"breadcrumb\":{\"@id\":\"https:\/\/www.grupoasame.com\/index.php\/category\/vivienda\/#breadcrumb\"},\"inLanguage\":\"es\"},{\"@type\":\"BreadcrumbList\",\"@id\":\"https:\/\/www.grupoasame.com\/index.php\/category\/vivienda\/#breadcrumb\",\"itemListElement\":[{\"@type\":\"ListItem\",\"position\":1,\"name\":\"Portada\",\"item\":\"https:\/\/www.grupoasame.com\/\"},{\"@type\":\"ListItem\",\"position\":2,\"name\":\"Vivienda\"}]},{\"@type\":\"WebSite\",\"@id\":\"https:\/\/www.grupoasame.com\/#website\",\"url\":\"https:\/\/www.grupoasame.com\/\",\"name\":\"Arquitecto Reus, Tarragona y Catalunya | ASAME Arquitectura\",\"description\":\"Redacci\u00f3n de proyectos de arquitectura en obra nueva, rehabilitaci\u00f3n y reforma de interiores, teniendo experiencia en proyectos desde escalas peque\u00f1as a proyectos de mayor envergadura. Gestionando el proyecto del dise\u00f1o a la finalizaci\u00f3n de su ejecuci\u00f3n.\",\"publisher\":{\"@id\":\"https:\/\/www.grupoasame.com\/#organization\"},\"alternateName\":\"Asame\",\"potentialAction\":[{\"@type\":\"SearchAction\",\"target\":{\"@type\":\"EntryPoint\",\"urlTemplate\":\"https:\/\/www.grupoasame.com\/?s={search_term_string}\"},\"query-input\":{\"@type\":\"PropertyValueSpecification\",\"valueRequired\":true,\"valueName\":\"search_term_string\"}}],\"inLanguage\":\"es\"},{\"@type\":\"Organization\",\"@id\":\"https:\/\/www.grupoasame.com\/#organization\",\"name\":\"Arquitecto Reus, Tarragona y Catalunya | ASAME Arquitectura\",\"url\":\"https:\/\/www.grupoasame.com\/\",\"logo\":{\"@type\":\"ImageObject\",\"inLanguage\":\"es\",\"@id\":\"https:\/\/www.grupoasame.com\/#\/schema\/logo\/image\/\",\"url\":\"https:\/\/www.grupoasame.com\/wp-content\/uploads\/2020\/12\/cropped-ASAME-LOGO-LETRA2.png\",\"contentUrl\":\"https:\/\/www.grupoasame.com\/wp-content\/uploads\/2020\/12\/cropped-ASAME-LOGO-LETRA2.png\",\"width\":1240,\"height\":355,\"caption\":\"Arquitecto Reus, Tarragona y Catalunya | ASAME Arquitectura\"},\"image\":{\"@id\":\"https:\/\/www.grupoasame.com\/#\/schema\/logo\/image\/\"},\"sameAs\":[\"https:\/\/www.facebook.com\/ASAMEarquitectura\/\",\"https:\/\/www.instagram.com\/asamearquitectura\/\",\"https:\/\/www.linkedin.com\/company\/asame-arquitectura\/?originalSubdomain=es\"]}]}<\/script>\n<!-- \/ Yoast SEO plugin. -->","yoast_head_json":{"title":"Vivienda archivos - Arquitecto Reus, Tarragona y Catalunya | ASAME Arquitectura","robots":{"index":"index","follow":"follow","max-snippet":"max-snippet:-1","max-image-preview":"max-image-preview:large","max-video-preview":"max-video-preview:-1"},"canonical":"https:\/\/www.grupoasame.com\/index.php\/category\/vivienda\/","og_locale":"es_ES","og_type":"article","og_title":"Vivienda archivos - Arquitecto Reus, Tarragona y Catalunya | ASAME Arquitectura","og_url":"https:\/\/www.grupoasame.com\/index.php\/category\/vivienda\/","og_site_name":"Arquitecto Reus, Tarragona y Catalunya | ASAME Arquitectura","twitter_card":"summary_large_image","schema":{"@context":"https:\/\/schema.org","@graph":[{"@type":"CollectionPage","@id":"https:\/\/www.grupoasame.com\/index.php\/category\/vivienda\/","url":"https:\/\/www.grupoasame.com\/index.php\/category\/vivienda\/","name":"Vivienda archivos - Arquitecto Reus, Tarragona y Catalunya | ASAME Arquitectura","isPartOf":{"@id":"https:\/\/www.grupoasame.com\/#website"},"breadcrumb":{"@id":"https:\/\/www.grupoasame.com\/index.php\/category\/vivienda\/#breadcrumb"},"inLanguage":"es"},{"@type":"BreadcrumbList","@id":"https:\/\/www.grupoasame.com\/index.php\/category\/vivienda\/#breadcrumb","itemListElement":[{"@type":"ListItem","position":1,"name":"Portada","item":"https:\/\/www.grupoasame.com\/"},{"@type":"ListItem","position":2,"name":"Vivienda"}]},{"@type":"WebSite","@id":"https:\/\/www.grupoasame.com\/#website","url":"https:\/\/www.grupoasame.com\/","name":"Arquitecto Reus, Tarragona y Catalunya | ASAME Arquitectura","description":"Redacci\u00f3n de proyectos de arquitectura en obra nueva, rehabilitaci\u00f3n y reforma de interiores, teniendo experiencia en proyectos desde escalas peque\u00f1as a proyectos de mayor envergadura. Gestionando el proyecto del dise\u00f1o a la finalizaci\u00f3n de su ejecuci\u00f3n.","publisher":{"@id":"https:\/\/www.grupoasame.com\/#organization"},"alternateName":"Asame","potentialAction":[{"@type":"SearchAction","target":{"@type":"EntryPoint","urlTemplate":"https:\/\/www.grupoasame.com\/?s={search_term_string}"},"query-input":{"@type":"PropertyValueSpecification","valueRequired":true,"valueName":"search_term_string"}}],"inLanguage":"es"},{"@type":"Organization","@id":"https:\/\/www.grupoasame.com\/#organization","name":"Arquitecto Reus, Tarragona y Catalunya | ASAME Arquitectura","url":"https:\/\/www.grupoasame.com\/","logo":{"@type":"ImageObject","inLanguage":"es","@id":"https:\/\/www.grupoasame.com\/#\/schema\/logo\/image\/","url":"https:\/\/www.grupoasame.com\/wp-content\/uploads\/2020\/12\/cropped-ASAME-LOGO-LETRA2.png","contentUrl":"https:\/\/www.grupoasame.com\/wp-content\/uploads\/2020\/12\/cropped-ASAME-LOGO-LETRA2.png","width":1240,"height":355,"caption":"Arquitecto Reus, Tarragona y Catalunya | ASAME Arquitectura"},"image":{"@id":"https:\/\/www.grupoasame.com\/#\/schema\/logo\/image\/"},"sameAs":["https:\/\/www.facebook.com\/ASAMEarquitectura\/","https:\/\/www.instagram.com\/asamearquitectura\/","https:\/\/www.linkedin.com\/company\/asame-arquitectura\/?originalSubdomain=es"]}]}},"_links":{"self":[{"href":"https:\/\/www.grupoasame.com\/index.php\/wp-json\/wp\/v2\/categories\/5","targetHints":{"allow":["GET"]}}],"collection":[{"href":"https:\/\/www.grupoasame.com\/index.php\/wp-json\/wp\/v2\/categories"}],"about":[{"href":"https:\/\/www.grupoasame.com\/index.php\/wp-json\/wp\/v2\/taxonomies\/category"}],"wp:post_type":[{"href":"https:\/\/www.grupoasame.com\/index.php\/wp-json\/wp\/v2\/posts?categories=5"}],"curies":[{"name":"wp","href":"https:\/\/api.w.org\/{rel}","templated":true}]}}